{"id":21363,"date":"2020-01-29T11:44:49","date_gmt":"2020-01-29T11:44:49","guid":{"rendered":"https:\/\/www.spa-pools.eu\/si\/?p=21363"},"modified":"2020-01-29T12:00:35","modified_gmt":"2020-01-29T12:00:35","slug":"niveto-na-sejmu-alpe-adria-ljubljana","status":"publish","type":"post","link":"https:\/\/www.spa-pools.eu\/si\/niveto-na-sejmu-alpe-adria-ljubljana\/","title":{"rendered":"Niveto na sejmu Alpe Adria &#8211; Ljubljana ( 29. januarja &#8211; 01. februarja 2020 )"},"content":{"rendered":"<div class=\"fusion-fullwidth fullwidth-box fusion-builder-row-1 nonhundred-percent-fullwidth non-hundred-percent-height-scrolling\" style=\"--awb-border-radius-top-left:0px;--awb-border-radius-top-right:0px;--awb-border-radius-bottom-right:0px;--awb-border-radius-bottom-left:0px;--awb-flex-wrap:wrap;\" ><div class=\"fusion-builder-row fusion-row\"><div class=\"fusion-layout-column fusion_builder_column fusion-builder-column-0 fusion_builder_column_1_1 1_1 fusion-one-full fusion-column-first fusion-column-last\" style=\"--awb-bg-size:cover;\"><div class=\"fusion-column-wrapper fusion-flex-column-wrapper-legacy\"><div class=\"fusion-text fusion-text-1\"><p>Obi\u0161\u010dite nas od 29.januarja do 01.februarja 2020 na sejmu ALPE ADRIA.<\/p>\n<p>ALPE ADRIA se odvija na GOSPODARSKEM RAZSTAVI\u0160\u010cU v LJUBLJANI, na naslovu Dunajska cesta 18.<\/p>\n<p>Spa-pools.eu\/si bo predstavilo novosti iz svoje \u0161iroke ponudbe storitev in proizvodov na podro\u010dju masa\u017enih bazenov, savn in bazenske tehnike.<\/p>\n<p>Se vidimo ALPE ADRIA je sejemska manifestacija, ki bo gostila najbolj znana imena s podro\u010dja KAMP OPREME, GASTRONOMIJE IN TURISTI\u010cNIH SKUPNOSTI POSAMEZNIH MEST<\/p>\n<p><img decoding=\"async\" class=\"size-full wp-image-21370 aligncenter\" src=\"https:\/\/www.spa-pools.eu\/si\/wp-content\/uploads\/2020\/01\/Alpe-Adria-Slovenija.png\" alt=\"\" width=\"708\" height=\"86\" srcset=\"https:\/\/www.spa-pools.eu\/si\/wp-content\/uploads\/2020\/01\/Alpe-Adria-Slovenija-200x24.png 200w, https:\/\/www.spa-pools.eu\/si\/wp-content\/uploads\/2020\/01\/Alpe-Adria-Slovenija-300x36.png 300w, https:\/\/www.spa-pools.eu\/si\/wp-content\/uploads\/2020\/01\/Alpe-Adria-Slovenija-400x49.png 400w, https:\/\/www.spa-pools.eu\/si\/wp-content\/uploads\/2020\/01\/Alpe-Adria-Slovenija-500x61.png 500w, https:\/\/www.spa-pools.eu\/si\/wp-content\/uploads\/2020\/01\/Alpe-Adria-Slovenija-600x73.png 600w, https:\/\/www.spa-pools.eu\/si\/wp-content\/uploads\/2020\/01\/Alpe-Adria-Slovenija-700x85.png 700w, https:\/\/www.spa-pools.eu\/si\/wp-content\/uploads\/2020\/01\/Alpe-Adria-Slovenija.png 708w\" sizes=\"(max-width: 708px) 100vw, 708px\" \/><\/p>\n<\/div><div class=\"fusion-clearfix\"><\/div><\/div><\/div><\/div><\/div>\n","protected":false},"excerpt":{"rendered":"","protected":false},"author":1,"featured_media":21364,"comment_status":"open","ping_status":"open","sticky":false,"template":"","format":"standard","meta":{"_acf_changed":false,"footnotes":""},"categories":[16,19],"tags":[],"yst_prominent_words":[440,448,447,444,266,178],"class_list":["post-21363","post","type-post","status-publish","format-standard","has-post-thumbnail","hentry","category-coupons","category-news"],"acf":[],"jetpack_featured_media_url":"https:\/\/www.spa-pools.eu\/si\/wp-content\/uploads\/2020\/01\/IMG-20200129-WA0000.jpg","yoast_head":"<!-- This site is optimized with the Yoast SEO Premium plugin v14.0.4 - https:\/\/yoast.com\/wordpress\/plugins\/seo\/ -->\n<title>Niveto na sejmu Alpe Adria - Ljubljana ( 29. januarja - 01. februarja 2020 ) | NIVETO Bazeni<\/title>\n<meta name=\"robots\" content=\"index, follow\" \/>\n<meta name=\"googlebot\" content=\"index, follow, max-snippet:-1, max-image-preview:large, max-video-preview:-1\" \/>\n<meta name=\"bingbot\" content=\"index, follow, max-snippet:-1, max-image-preview:large, max-video-preview:-1\" \/>\n<link rel=\"canonical\" href=\"https:\/\/www.spa-pools.eu\/si\/niveto-na-sejmu-alpe-adria-ljubljana\/\" \/>\n<meta property=\"og:locale\" content=\"en_US\" \/>\n<meta property=\"og:type\" content=\"article\" \/>\n<meta property=\"og:title\" content=\"Niveto na sejmu Alpe Adria - Ljubljana ( 29. januarja - 01. februarja 2020 ) | NIVETO Bazeni\" \/>\n<meta property=\"og:url\" content=\"https:\/\/www.spa-pools.eu\/si\/niveto-na-sejmu-alpe-adria-ljubljana\/\" \/>\n<meta property=\"og:site_name\" content=\"NIVETO Bazeni\" \/>\n<meta property=\"article:publisher\" content=\"https:\/\/www.facebook.com\/Nivetobazeniifontane\/\" \/>\n<meta property=\"article:published_time\" content=\"2020-01-29T11:44:49+00:00\" \/>\n<meta property=\"article:modified_time\" content=\"2020-01-29T12:00:35+00:00\" \/>\n<meta property=\"og:image\" content=\"https:\/\/www.spa-pools.eu\/si\/wp-content\/uploads\/2020\/01\/IMG-20200129-WA0000.jpg\" \/>\n\t<meta property=\"og:image:width\" content=\"1600\" \/>\n\t<meta property=\"og:image:height\" content=\"900\" \/>\n<meta name=\"twitter:card\" content=\"summary_large_image\" \/>\n<script type=\"application\/ld+json\" class=\"yoast-schema-graph\">{\"@context\":\"https:\/\/schema.org\",\"@graph\":[{\"@type\":\"Organization\",\"@id\":\"https:\/\/www.spa-pools.eu\/si\/#organization\",\"name\":\"Niveto d.o.o. - Spa bazeni\",\"url\":\"https:\/\/www.spa-pools.eu\/si\/\",\"sameAs\":[\"https:\/\/www.facebook.com\/Nivetobazeniifontane\/\"],\"logo\":{\"@type\":\"ImageObject\",\"@id\":\"https:\/\/www.spa-pools.eu\/si\/#logo\",\"inLanguage\":\"en-US\",\"url\":\"https:\/\/www.spa-pools.eu\/si\/wp-content\/uploads\/revslider\/home3-rs1\/logo.png\",\"width\":203,\"height\":60,\"caption\":\"Niveto d.o.o. - Spa bazeni\"},\"image\":{\"@id\":\"https:\/\/www.spa-pools.eu\/si\/#logo\"}},{\"@type\":\"WebSite\",\"@id\":\"https:\/\/www.spa-pools.eu\/si\/#website\",\"url\":\"https:\/\/www.spa-pools.eu\/si\/\",\"name\":\"NIVETO Bazeni\",\"description\":\"Spa masa\\u017eni bazeni\",\"publisher\":{\"@id\":\"https:\/\/www.spa-pools.eu\/si\/#organization\"},\"potentialAction\":[{\"@type\":\"SearchAction\",\"target\":\"https:\/\/www.spa-pools.eu\/si\/?s={search_term_string}\",\"query-input\":\"required name=search_term_string\"}],\"inLanguage\":\"en-US\"},{\"@type\":\"ImageObject\",\"@id\":\"https:\/\/www.spa-pools.eu\/si\/niveto-na-sejmu-alpe-adria-ljubljana\/#primaryimage\",\"inLanguage\":\"en-US\",\"url\":\"https:\/\/www.spa-pools.eu\/si\/wp-content\/uploads\/2020\/01\/IMG-20200129-WA0000.jpg\",\"width\":1600,\"height\":900},{\"@type\":\"WebPage\",\"@id\":\"https:\/\/www.spa-pools.eu\/si\/niveto-na-sejmu-alpe-adria-ljubljana\/#webpage\",\"url\":\"https:\/\/www.spa-pools.eu\/si\/niveto-na-sejmu-alpe-adria-ljubljana\/\",\"name\":\"Niveto na sejmu Alpe Adria - Ljubljana ( 29. januarja - 01. februarja 2020 ) | NIVETO Bazeni\",\"isPartOf\":{\"@id\":\"https:\/\/www.spa-pools.eu\/si\/#website\"},\"primaryImageOfPage\":{\"@id\":\"https:\/\/www.spa-pools.eu\/si\/niveto-na-sejmu-alpe-adria-ljubljana\/#primaryimage\"},\"datePublished\":\"2020-01-29T11:44:49+00:00\",\"dateModified\":\"2020-01-29T12:00:35+00:00\",\"inLanguage\":\"en-US\",\"potentialAction\":[{\"@type\":\"ReadAction\",\"target\":[\"https:\/\/www.spa-pools.eu\/si\/niveto-na-sejmu-alpe-adria-ljubljana\/\"]}]},{\"@type\":\"Article\",\"@id\":\"https:\/\/www.spa-pools.eu\/si\/niveto-na-sejmu-alpe-adria-ljubljana\/#article\",\"isPartOf\":{\"@id\":\"https:\/\/www.spa-pools.eu\/si\/niveto-na-sejmu-alpe-adria-ljubljana\/#webpage\"},\"author\":{\"@id\":\"https:\/\/www.spa-pools.eu\/si\/#\/schema\/person\/0a0d692801714a83dccd827a88b0965c\"},\"headline\":\"Niveto na sejmu Alpe Adria &#8211; Ljubljana ( 29. januarja &#8211; 01. februarja 2020 )\",\"datePublished\":\"2020-01-29T11:44:49+00:00\",\"dateModified\":\"2020-01-29T12:00:35+00:00\",\"commentCount\":0,\"mainEntityOfPage\":{\"@id\":\"https:\/\/www.spa-pools.eu\/si\/niveto-na-sejmu-alpe-adria-ljubljana\/#webpage\"},\"publisher\":{\"@id\":\"https:\/\/www.spa-pools.eu\/si\/#organization\"},\"image\":{\"@id\":\"https:\/\/www.spa-pools.eu\/si\/niveto-na-sejmu-alpe-adria-ljubljana\/#primaryimage\"},\"articleSection\":\"Coupons,News\",\"inLanguage\":\"en-US\",\"potentialAction\":[{\"@type\":\"CommentAction\",\"name\":\"Comment\",\"target\":[\"https:\/\/www.spa-pools.eu\/si\/niveto-na-sejmu-alpe-adria-ljubljana\/#respond\"]}]},{\"@type\":[\"Person\"],\"@id\":\"https:\/\/www.spa-pools.eu\/si\/#\/schema\/person\/0a0d692801714a83dccd827a88b0965c\",\"name\":\"niveto\",\"image\":{\"@type\":\"ImageObject\",\"@id\":\"https:\/\/www.spa-pools.eu\/si\/#personlogo\",\"inLanguage\":\"en-US\",\"url\":\"https:\/\/secure.gravatar.com\/avatar\/a0381eaa3f1b04fe10859bbb023abc3281367187dfb840f865b7b9f4c1484250?s=96&d=mm&r=g\",\"caption\":\"niveto\"}}]}<\/script>\n<!-- \/ Yoast SEO Premium plugin. -->","_links":{"self":[{"href":"https:\/\/www.spa-pools.eu\/si\/wp-json\/wp\/v2\/posts\/21363","targetHints":{"allow":["GET"]}}],"collection":[{"href":"https:\/\/www.spa-pools.eu\/si\/wp-json\/wp\/v2\/posts"}],"about":[{"href":"https:\/\/www.spa-pools.eu\/si\/wp-json\/wp\/v2\/types\/post"}],"author":[{"embeddable":true,"href":"https:\/\/www.spa-pools.eu\/si\/wp-json\/wp\/v2\/users\/1"}],"replies":[{"embeddable":true,"href":"https:\/\/www.spa-pools.eu\/si\/wp-json\/wp\/v2\/comments?post=21363"}],"version-history":[{"count":4,"href":"https:\/\/www.spa-pools.eu\/si\/wp-json\/wp\/v2\/posts\/21363\/revisions"}],"predecessor-version":[{"id":21372,"href":"https:\/\/www.spa-pools.eu\/si\/wp-json\/wp\/v2\/posts\/21363\/revisions\/21372"}],"wp:featuredmedia":[{"embeddable":true,"href":"https:\/\/www.spa-pools.eu\/si\/wp-json\/wp\/v2\/media\/21364"}],"wp:attachment":[{"href":"https:\/\/www.spa-pools.eu\/si\/wp-json\/wp\/v2\/media?parent=21363"}],"wp:term":[{"taxonomy":"category","embeddable":true,"href":"https:\/\/www.spa-pools.eu\/si\/wp-json\/wp\/v2\/categories?post=21363"},{"taxonomy":"post_tag","embeddable":true,"href":"https:\/\/www.spa-pools.eu\/si\/wp-json\/wp\/v2\/tags?post=21363"},{"taxonomy":"yst_prominent_words","embeddable":true,"href":"https:\/\/www.spa-pools.eu\/si\/wp-json\/wp\/v2\/yst_prominent_words?post=21363"}],"curies":[{"name":"wp","href":"https:\/\/api.w.org\/{rel}","templated":true}]}}